{"id":88268,"date":"2026-04-29T04:42:36","date_gmt":"2026-04-29T03:42:36","guid":{"rendered":"https:\/\/riosessions.com\/web\/?p=88268"},"modified":"2026-04-30T02:11:34","modified_gmt":"2026-04-30T01:11:34","slug":"je-to-fer-hledani-rovnosti-a-spravedlnosti-v","status":"publish","type":"post","link":"https:\/\/riosessions.com\/web\/je-to-fer-hledani-rovnosti-a-spravedlnosti-v\/88268\/","title":{"rendered":"Je to f\u00e9r Hled\u00e1n\u00ed rovnosti a spravedlnosti v dne\u0161n\u00edm sv\u011bt\u011b"},"content":{"rendered":"<div style=\"text-align:center\"><img fetchpriority=\"high\" decoding=\"async\" src=\"https:\/\/riosessions.com\/wp-content\/uploads\/2026\/04\/je-to-fer-hledani-rovnosti-a-spravedlnosti-v_2.jpg\" width=\"1024\" height=\"587\" alt=\"Je to f\u00e9r Hled\u00e1n\u00ed rovnosti a spravedlnosti v dne\u0161n\u00edm sv\u011bt\u011b\" title=\"Je to f\u00e9r Hled\u00e1n\u00ed rovnosti a spravedlnosti v dne\u0161n\u00edm sv\u011bt\u011b\" style=\"margin:5px\" \/><\/div>\n<h1>Je to f\u00e9r? Hled\u00e1n\u00ed rovnosti a spravedlnosti v dne\u0161n\u00edm sv\u011bt\u011b<\/h1>\n<p>\n         V dne\u0161n\u00ed spole\u010dnosti se st\u00e1le \u010dast\u011bji setk\u00e1v\u00e1me s term\u00ednem &#8220;f\u00e9r&#8221; nebo &#8220;to je f\u00e9r&#8221;. Tento koncept se stal kl\u00ed\u010dov\u00fdm prvkem v mnoha debat\u00e1ch, od sportu p\u0159es obchod a\u017e po politiku a lidsk\u00e1 pr\u00e1va. Ale co vlastn\u011b znamen\u00e1 &#8220;f\u00e9r&#8221; a jak\u00fd m\u00e1 vliv na na\u0161e ka\u017edodenn\u00ed rozhodov\u00e1n\u00ed a interakce? Vydejte se s n\u00e1mi na cestu prozkoum\u00e1n\u00ed toho, co je f\u00e9r a jak se to prol\u00edn\u00e1 na\u0161imi \u017eivoty. Pro v\u00edce informac\u00ed m\u016f\u017eete nav\u0161t\u00edvit is it fair <a href=\"https:\/\/www.isitfair.eu\/cs\/\">https:\/\/www.isitfair.eu\/cs\/<\/a>.\n    <\/p>\n<h2>Definice fierness<\/h2>\n<p>\n        F\u00e9r znamen\u00e1 spravedliv\u00fd a rovnocenn\u00fd. Tento term\u00edn nen\u00ed jen o dodr\u017eov\u00e1n\u00ed pravidel, ale tak\u00e9 o zohledn\u011bn\u00ed kontextu a individu\u00e1ln\u00edch okolnost\u00ed. Zat\u00edmco stanovov\u00e1n\u00ed norem je nezbytn\u00e9, je d\u016fle\u017eit\u00e9 si uv\u011bdomit, \u017ee spravedlnost m\u016f\u017ee m\u00edt r\u016fzn\u00e9 formy. V dne\u0161n\u00edm sv\u011bt\u011b, kde se pot\u00fdk\u00e1me s mnoha v\u00fdzvami, je kl\u00ed\u010dov\u00e9 rozebrat, co &#8216;f\u00e9r&#8217; znamen\u00e1 pro r\u016fzn\u00e9 skupiny lid\u00ed.\n    <\/p>\n<h2>F\u00e9r v oblasti vzd\u011bl\u00e1v\u00e1n\u00ed<\/h2>\n<p>\n        Vzd\u011bl\u00e1n\u00ed je jedn\u00edm z nejz\u00e1sadn\u011bj\u0161\u00edch aspekt\u016f na\u0161ich \u017eivot\u016f. Kdy\u017e hovo\u0159\u00edme o f\u00e9rovosti v tomto kontextu, mluv\u00edme o otev\u0159en\u00e9m p\u0159\u00edstupu k p\u0159\u00edle\u017eitostem pro v\u0161echny studenty, a\u0165 u\u017e poch\u00e1zej\u00ed z jak\u00e9koli soci\u00e1ln\u00ed, ekonomick\u00e9 nebo kulturn\u00ed vrstvy. Na mnoho \u0161kol a vzd\u011bl\u00e1vac\u00edch instituc\u00ed se dnes klade d\u016fraz na inkluzivitu a p\u0159\u00edstupnost vzd\u011bl\u00e1n\u00ed. Ov\u0161em je to skute\u010dn\u011b f\u00e9r? N\u011bkdy syst\u00e9m selh\u00e1v\u00e1 a zanech\u00e1v\u00e1 nevinn\u00e9 studenty bez pot\u0159ebn\u00e9 podpory, co\u017e naru\u0161uje princip f\u00e9rovosti.\n    <\/p>\n<div style=\"text-align:center\"><img decoding=\"async\" src=\"https:\/\/riosessions.com\/wp-content\/uploads\/2026\/04\/je-to-fer-hledani-rovnosti-a-spravedlnosti-v_1.png\" width=\"389\" height=\"129\" alt=\"Je to f\u00e9r Hled\u00e1n\u00ed rovnosti a spravedlnosti v dne\u0161n\u00edm sv\u011bt\u011b\" title=\"Je to f\u00e9r Hled\u00e1n\u00ed rovnosti a spravedlnosti v dne\u0161n\u00edm sv\u011bt\u011b\" style=\"margin:5px\" \/><\/div>\n<h2>F\u00e9r v pracovn\u00edm prost\u0159ed\u00ed<\/h2>\n<p>\n        V pracovn\u00edm prost\u0159ed\u00ed je ot\u00e1zka f\u00e9rovosti je\u0161t\u011b pal\u010div\u011bj\u0161\u00ed. Vztahy mezi zam\u011bstnavateli a zam\u011bstnanci by m\u011bly b\u00fdt postaveny na vz\u00e1jemn\u00e9m respektu a d\u016fv\u011b\u0159e. F\u00e9rov\u00e9 mzdy, pracovn\u00ed podm\u00ednky a postupy jsou z\u00e1kladn\u00edmi ingrediencemi pro zdrav\u00e9 prost\u0159ed\u00ed. Av\u0161ak i zde se \u010dasto setk\u00e1v\u00e1me s deziluz\u00ed. Nekvalitn\u00ed \u0159\u00edzen\u00ed, nef\u00e9r v\u00fdb\u011brov\u00e1 \u0159\u00edzen\u00ed a diskriminace zcela jist\u011b podkop\u00e1vaj\u00ed spravedlnost a rovnost na pracovi\u0161ti.\n    <\/p>\n<h2>F\u00e9r a jeho etick\u00e9 dimenze<\/h2>\n<p>\n        Etika a f\u00e9rovost jsou \u00fazce spjaty, a to jak v osobn\u00edm, tak i spole\u010densk\u00e9m m\u011b\u0159\u00edtku. \u010casto jsme konfrontov\u00e1ni s dilematy, kde mus\u00edme zv\u00e1\u017eit, co je pro n\u00e1s osobn\u011b v\u00fdhodn\u00e9 a co je f\u00e9r v\u016f\u010di ostatn\u00edm. Koncept &#8220;f\u00e9r&#8221; se vyv\u00edj\u00ed a to, co b\u00fdvalo pova\u017eov\u00e1no za f\u00e9r v jedn\u00e9 dob\u011b, m\u016f\u017ee b\u00fdt shled\u00e1no jako nedostate\u010dn\u00e9 nebo nespravedliv\u00e9 v jin\u00e9m kontextu. Do jak\u00e9 m\u00edry jsme ochotni ob\u011btovat na\u0161e vlastn\u00ed z\u00e1jmy pro v\u011bt\u0161\u00ed dobro?\n    <\/p>\n<h2>F\u00e9r v mezin\u00e1rodn\u00edch vztaz\u00edch<\/h2>\n<p>\n        V oblasti mezin\u00e1rodn\u00edch vztah\u016f je koncept f\u00e9rovosti je\u0161t\u011b komplexn\u011bj\u0161\u00ed. St\u00e1ty se \u010dasto sna\u017e\u00ed prosazovat sv\u00e9 z\u00e1jmy na glob\u00e1ln\u00ed sc\u00e9n\u011b, co\u017e n\u011bkdy vede k nef\u00e9r praktik\u00e1m, jako je vyko\u0159is\u0165ov\u00e1n\u00ed a ne\u00fam\u011brn\u00e9 vyu\u017e\u00edv\u00e1n\u00ed zdroj\u016f. Jak m\u016f\u017eeme dos\u00e1hnout f\u00e9rovosti v t\u011bchto siln\u011b asymetrick\u00fdch vztaz\u00edch? Mezin\u00e1rodn\u00ed organizace a dohody mohou hr\u00e1t kl\u00ed\u010dovou roli v zaji\u0161t\u011bn\u00ed spravedlnosti a rovnosti mezi n\u00e1rody.\n    <\/p>\n<div style=\"text-align:center\"><img decoding=\"async\" src=\"https:\/\/riosessions.com\/wp-content\/uploads\/2026\/04\/je-to-fer-hledani-rovnosti-a-spravedlnosti-v_1.jpg\" width=\"322\" height=\"156\" alt=\"Je to f\u00e9r Hled\u00e1n\u00ed rovnosti a spravedlnosti v dne\u0161n\u00edm sv\u011bt\u011b\" title=\"Je to f\u00e9r Hled\u00e1n\u00ed rovnosti a spravedlnosti v dne\u0161n\u00edm sv\u011bt\u011b\" style=\"margin:5px\" \/><\/div>\n<h2>F\u00e9r v osobn\u00edch vztaz\u00edch<\/h2>\n<p>\n        Osobn\u00ed vztahy jsou m\u00edstem, kde se \u010dasto setk\u00e1v\u00e1me s ot\u00e1zkami f\u00e9rovosti. B\u00fdt f\u00e9r v\u016f\u010di na\u0161im bl\u00edzk\u00fdm znamen\u00e1 nejen dodr\u017eovat sliby, ale tak\u00e9 naslouchat a rozum\u011bt pot\u0159eb\u00e1m druh\u00fdch. I kdy\u017e jsme si bl\u00edzc\u00ed, je d\u016fle\u017eit\u00e9 si uv\u011bdomit, \u017ee spravedlnost v osobn\u00edch vztaz\u00edch m\u016f\u017ee b\u00fdt vn\u00edm\u00e1na r\u016fzn\u011b. Spravedliv\u00e9 \u0159e\u0161en\u00ed konflikt\u016f a otev\u0159en\u00e1 komunikace jsou kl\u00ed\u010de k budov\u00e1n\u00ed zdrav\u00fdch a f\u00e9rov\u00fdch vztah\u016f.\n    <\/p>\n<h2>Jak dos\u00e1hnout f\u00e9rovosti?<\/h2>\n<p>\n        Dos\u00e1hnout f\u00e9rovosti ve spole\u010dnosti, na pracovi\u0161ti nebo v osobn\u00edch vztaz\u00edch nen\u00ed snadn\u00e9. Vy\u017eaduje to \u00fasil\u00ed, empatick\u00e9 porozum\u011bn\u00ed a ochotu naslouchat ostatn\u00edm. Je to proces, kter\u00fd vy\u017eaduje \u010das a v\u00fddr\u017e. Mus\u00edme se vzd\u011bl\u00e1vat, diskutovat a vystavovat sv\u00e9 n\u00e1zory kritice. Pouze t\u00edmto zp\u016fsobem m\u016f\u017eeme skute\u010dn\u011b zajistit, \u017ee na\u0161e rozhodnut\u00ed a jedn\u00e1n\u00ed budou f\u00e9r.\n    <\/p>\n<h2>Z\u00e1v\u011br<\/h2>\n<p>\n        Ot\u00e1zka &#8220;je to f\u00e9r?&#8221; je mnohem v\u00edce ne\u017e jen jednoduch\u00fd dotaz. Je to v\u00fdzva k reflexi a akci. Je na ka\u017ed\u00e9m z n\u00e1s, abychom usilovali o f\u00e9rovost ve v\u0161ech aspektech na\u0161ich \u017eivot\u016f a p\u0159isp\u011bli tak k budov\u00e1n\u00ed spravedliv\u011bj\u0161\u00ed a rovn\u011bj\u0161\u00ed spole\u010dnosti. Jak\u00e9 budou va\u0161e kroky k zaji\u0161t\u011bn\u00ed f\u00e9rovosti dnes?\n    <\/p>\n","protected":false},"excerpt":{"rendered":"<p>Je to f\u00e9r? Hled\u00e1n\u00ed rovnosti a spravedlnosti v dne\u0161n\u00edm sv\u011bt\u011b V dne\u0161n\u00ed spole\u010dnosti se st\u00e1le \u010dast\u011bji setk\u00e1v\u00e1me s term\u00ednem &#8220;f\u00e9r&#8221; nebo &#8220;to je f\u00e9r&#8221;. Tento koncept se stal kl\u00ed\u010dov\u00fdm prvkem v mnoha debat\u00e1ch, od sportu p\u0159es obchod a\u017e po politiku a lidsk\u00e1 pr\u00e1va. Ale co vlastn\u011b znamen\u00e1 &#8220;f\u00e9r&#8221; a jak\u00fd m\u00e1 vliv na na\u0161e ka\u017edodenn\u00ed [&hellip;]<\/p>\n","protected":false},"author":1623,"featured_media":0,"comment_status":"closed","ping_status":"closed","sticky":false,"template":"","format":"standard","meta":{"footnotes":""},"categories":[1],"tags":[],"class_list":["post-88268","post","type-post","status-publish","format-standard","hentry","category-uncategorised","entry"],"_links":{"self":[{"href":"https:\/\/riosessions.com\/web\/wp-json\/wp\/v2\/posts\/88268","targetHints":{"allow":["GET"]}}],"collection":[{"href":"https:\/\/riosessions.com\/web\/wp-json\/wp\/v2\/posts"}],"about":[{"href":"https:\/\/riosessions.com\/web\/wp-json\/wp\/v2\/types\/post"}],"author":[{"embeddable":true,"href":"https:\/\/riosessions.com\/web\/wp-json\/wp\/v2\/users\/1623"}],"replies":[{"embeddable":true,"href":"https:\/\/riosessions.com\/web\/wp-json\/wp\/v2\/comments?post=88268"}],"version-history":[{"count":1,"href":"https:\/\/riosessions.com\/web\/wp-json\/wp\/v2\/posts\/88268\/revisions"}],"predecessor-version":[{"id":88269,"href":"https:\/\/riosessions.com\/web\/wp-json\/wp\/v2\/posts\/88268\/revisions\/88269"}],"wp:attachment":[{"href":"https:\/\/riosessions.com\/web\/wp-json\/wp\/v2\/media?parent=88268"}],"wp:term":[{"taxonomy":"category","embeddable":true,"href":"https:\/\/riosessions.com\/web\/wp-json\/wp\/v2\/categories?post=88268"},{"taxonomy":"post_tag","embeddable":true,"href":"https:\/\/riosessions.com\/web\/wp-json\/wp\/v2\/tags?post=88268"}],"curies":[{"name":"wp","href":"https:\/\/api.w.org\/{rel}","templated":true}]}}